{"id":18493,"date":"2021-02-26T14:56:43","date_gmt":"2021-02-26T13:56:43","guid":{"rendered":"https:\/\/ophtalmo-bw.be\/?p=18493"},"modified":"2024-09-09T14:56:30","modified_gmt":"2024-09-09T12:56:30","slug":"vivez-les-temps-fort-dune-operation-de-la-cataracte","status":"publish","type":"post","link":"https:\/\/ophtalmo-bw.be\/en\/vivez-les-temps-fort-dune-operation-de-la-cataracte\/","title":{"rendered":"Experience the highlights of cataract surgery"},"content":{"rendered":"<p>Mme H. 55 ans op\u00e9r\u00e9e le lundi 22\/02\/2021<\/p>\n\n\n\n<p>Acuit\u00e9 visuel avant intervention: vision d&#8217;ombres \u00e0 3 m\u00e8tres<\/p>\n\n\n\n<p><strong>Avant intervention: Cataracte dense<\/strong><\/p>\n\n\n\n<figure class=\"wp-block-image size-large\"><img fetchpriority=\"high\" decoding=\"async\" width=\"768\" height=\"1024\" src=\"https:\/\/ophtalmo-bw.be\/wp-content\/uploads\/2021\/02\/e043a803-14f0-4eac-b9b0-1913bab14e1a-768x1024.jpg\" alt=\"\" class=\"wp-image-18497\" srcset=\"https:\/\/ophtalmo-bw.be\/wp-content\/uploads\/2021\/02\/e043a803-14f0-4eac-b9b0-1913bab14e1a-768x1024.jpg 768w, https:\/\/ophtalmo-bw.be\/wp-content\/uploads\/2021\/02\/e043a803-14f0-4eac-b9b0-1913bab14e1a-225x300.jpg 225w, https:\/\/ophtalmo-bw.be\/wp-content\/uploads\/2021\/02\/e043a803-14f0-4eac-b9b0-1913bab14e1a-1152x1536.jpg 1152w, https:\/\/ophtalmo-bw.be\/wp-content\/uploads\/2021\/02\/e043a803-14f0-4eac-b9b0-1913bab14e1a.jpg 1200w\" sizes=\"(max-width: 768px) 100vw, 768px\" \/><\/figure>\n\n\n\n<p><strong>Injection de l&#8217;implant pli\u00e9 par une micro incision de 2mm, se d\u00e9plie ensuite parfaitement dans le sac capsulaire<\/strong><\/p>\n\n\n\n<figure class=\"wp-block-image size-large\"><img decoding=\"async\" width=\"768\" height=\"1024\" src=\"https:\/\/ophtalmo-bw.be\/wp-content\/uploads\/2021\/02\/d8053e6f-9c25-4f77-b114-27d540ebc642-768x1024.jpg\" alt=\"\" class=\"wp-image-18496\" srcset=\"https:\/\/ophtalmo-bw.be\/wp-content\/uploads\/2021\/02\/d8053e6f-9c25-4f77-b114-27d540ebc642-768x1024.jpg 768w, https:\/\/ophtalmo-bw.be\/wp-content\/uploads\/2021\/02\/d8053e6f-9c25-4f77-b114-27d540ebc642-225x300.jpg 225w, https:\/\/ophtalmo-bw.be\/wp-content\/uploads\/2021\/02\/d8053e6f-9c25-4f77-b114-27d540ebc642-1152x1536.jpg 1152w, https:\/\/ophtalmo-bw.be\/wp-content\/uploads\/2021\/02\/d8053e6f-9c25-4f77-b114-27d540ebc642.jpg 1200w\" sizes=\"(max-width: 768px) 100vw, 768px\" \/><\/figure>\n\n\n\n<p><strong>Bon positionnement de l&#8217;implant<\/strong><\/p>\n\n\n\n<figure class=\"wp-block-image size-large\"><img decoding=\"async\" width=\"768\" height=\"1024\" src=\"https:\/\/ophtalmo-bw.be\/wp-content\/uploads\/2021\/02\/7d984c43-8f5d-47ab-b009-2e5652d4edee-768x1024.jpg\" alt=\"\" class=\"wp-image-18495\" srcset=\"https:\/\/ophtalmo-bw.be\/wp-content\/uploads\/2021\/02\/7d984c43-8f5d-47ab-b009-2e5652d4edee-768x1024.jpg 768w, https:\/\/ophtalmo-bw.be\/wp-content\/uploads\/2021\/02\/7d984c43-8f5d-47ab-b009-2e5652d4edee-225x300.jpg 225w, https:\/\/ophtalmo-bw.be\/wp-content\/uploads\/2021\/02\/7d984c43-8f5d-47ab-b009-2e5652d4edee-1152x1536.jpg 1152w, https:\/\/ophtalmo-bw.be\/wp-content\/uploads\/2021\/02\/7d984c43-8f5d-47ab-b009-2e5652d4edee.jpg 1200w\" sizes=\"(max-width: 768px) 100vw, 768px\" \/><\/figure>\n\n\n\n<p><strong>Aspect apr\u00e8s quelques minutes d&#8217;intervention<\/strong><\/p>\n\n\n\n<figure class=\"wp-block-image size-large\"><img loading=\"lazy\" decoding=\"async\" width=\"768\" height=\"1024\" src=\"https:\/\/ophtalmo-bw.be\/wp-content\/uploads\/2021\/02\/493a2839-0642-4a76-a1ad-4487b56ffd74-768x1024.jpg\" alt=\"\" class=\"wp-image-18494\" srcset=\"https:\/\/ophtalmo-bw.be\/wp-content\/uploads\/2021\/02\/493a2839-0642-4a76-a1ad-4487b56ffd74-768x1024.jpg 768w, https:\/\/ophtalmo-bw.be\/wp-content\/uploads\/2021\/02\/493a2839-0642-4a76-a1ad-4487b56ffd74-225x300.jpg 225w, https:\/\/ophtalmo-bw.be\/wp-content\/uploads\/2021\/02\/493a2839-0642-4a76-a1ad-4487b56ffd74-1152x1536.jpg 1152w, https:\/\/ophtalmo-bw.be\/wp-content\/uploads\/2021\/02\/493a2839-0642-4a76-a1ad-4487b56ffd74.jpg 1200w\" sizes=\"(max-width: 768px) 100vw, 768px\" \/><\/figure>","protected":false},"excerpt":{"rendered":"<p>Mme H. 55 ans op\u00e9r\u00e9e le lundi 22\/02\/2021 Acuit\u00e9 visuel avant intervention: vision d&#8217;ombres \u00e0 3 m\u00e8tres Avant intervention: Cataracte dense Injection de l&#8217;implant pli\u00e9 par une micro incision de 2mm, se d\u00e9plie ensuite parfaitement dans le sac capsulaire Bon<\/p>","protected":false},"author":8,"featured_media":0,"comment_status":"closed","ping_status":"closed","sticky":false,"template":"","format":"standard","meta":{"_jetpack_memberships_contains_paid_content":false,"footnotes":""},"categories":[20],"tags":[],"class_list":["post-18493","post","type-post","status-publish","format-standard","hentry","category-actualites"],"yoast_head":"<!-- This site is optimized with the Yoast SEO plugin v27.4 - https:\/\/yoast.com\/product\/yoast-seo-wordpress\/ -->\n<title>Vivez les temps fort d&#039;une op\u00e9ration de la cataracte - Ophtalmo-BW.be<\/title>\n<meta name=\"robots\" content=\"index, follow, max-snippet:-1, max-image-preview:large, max-video-preview:-1\" \/>\n<link rel=\"canonical\" href=\"https:\/\/ophtalmo-bw.be\/en\/vivez-les-temps-fort-dune-operation-de-la-cataracte\/\" \/>\n<meta property=\"og:locale\" content=\"en_GB\" \/>\n<meta property=\"og:type\" content=\"article\" \/>\n<meta property=\"og:title\" content=\"Vivez les temps fort d&#039;une op\u00e9ration de la cataracte - Ophtalmo-BW.be\" \/>\n<meta property=\"og:description\" content=\"Mme H. 55 ans op\u00e9r\u00e9e le lundi 22\/02\/2021 Acuit\u00e9 visuel avant intervention: vision d&#8217;ombres \u00e0 3 m\u00e8tres Avant intervention: Cataracte dense Injection de l&#8217;implant pli\u00e9 par une micro incision de 2mm, se d\u00e9plie ensuite parfaitement dans le sac capsulaire Bon\" \/>\n<meta property=\"og:url\" content=\"https:\/\/ophtalmo-bw.be\/en\/vivez-les-temps-fort-dune-operation-de-la-cataracte\/\" \/>\n<meta property=\"og:site_name\" content=\"Ophtalmo-BW.be\" \/>\n<meta property=\"article:published_time\" content=\"2021-02-26T13:56:43+00:00\" \/>\n<meta property=\"article:modified_time\" content=\"2024-09-09T12:56:30+00:00\" \/>\n<meta property=\"og:image\" content=\"https:\/\/ophtalmo-bw.be\/wp-content\/uploads\/2021\/02\/e043a803-14f0-4eac-b9b0-1913bab14e1a-768x1024.jpg\" \/>\n<meta name=\"author\" content=\"cvlpo\" \/>\n<meta name=\"twitter:card\" content=\"summary_large_image\" \/>\n<meta name=\"twitter:label1\" content=\"Written by\" \/>\n\t<meta name=\"twitter:data1\" content=\"cvlpo\" \/>\n\t<meta name=\"twitter:label2\" content=\"Estimated reading time\" \/>\n\t<meta name=\"twitter:data2\" content=\"2 minutes\" \/>\n<script type=\"application\/ld+json\" class=\"yoast-schema-graph\">{\"@context\":\"https:\\\/\\\/schema.org\",\"@graph\":[{\"@type\":\"Article\",\"@id\":\"https:\\\/\\\/ophtalmo-bw.be\\\/vivez-les-temps-fort-dune-operation-de-la-cataracte\\\/#article\",\"isPartOf\":{\"@id\":\"https:\\\/\\\/ophtalmo-bw.be\\\/vivez-les-temps-fort-dune-operation-de-la-cataracte\\\/\"},\"author\":{\"name\":\"cvlpo\",\"@id\":\"https:\\\/\\\/ophtalmo-bw.be\\\/#\\\/schema\\\/person\\\/f203e5120b3b20d0f06b7be24de232c3\"},\"headline\":\"Vivez les temps fort d&#8217;une op\u00e9ration de la cataracte\",\"datePublished\":\"2021-02-26T13:56:43+00:00\",\"dateModified\":\"2024-09-09T12:56:30+00:00\",\"mainEntityOfPage\":{\"@id\":\"https:\\\/\\\/ophtalmo-bw.be\\\/vivez-les-temps-fort-dune-operation-de-la-cataracte\\\/\"},\"wordCount\":64,\"publisher\":{\"@id\":\"https:\\\/\\\/ophtalmo-bw.be\\\/#organization\"},\"image\":{\"@id\":\"https:\\\/\\\/ophtalmo-bw.be\\\/vivez-les-temps-fort-dune-operation-de-la-cataracte\\\/#primaryimage\"},\"thumbnailUrl\":\"https:\\\/\\\/ophtalmo-bw.be\\\/wp-content\\\/uploads\\\/2021\\\/02\\\/e043a803-14f0-4eac-b9b0-1913bab14e1a-768x1024.jpg\",\"articleSection\":[\"Actualit\u00e9s\"],\"inLanguage\":\"en-GB\"},{\"@type\":\"WebPage\",\"@id\":\"https:\\\/\\\/ophtalmo-bw.be\\\/vivez-les-temps-fort-dune-operation-de-la-cataracte\\\/\",\"url\":\"https:\\\/\\\/ophtalmo-bw.be\\\/vivez-les-temps-fort-dune-operation-de-la-cataracte\\\/\",\"name\":\"Vivez les temps fort d'une op\u00e9ration de la cataracte - Ophtalmo-BW.be\",\"isPartOf\":{\"@id\":\"https:\\\/\\\/ophtalmo-bw.be\\\/#website\"},\"primaryImageOfPage\":{\"@id\":\"https:\\\/\\\/ophtalmo-bw.be\\\/vivez-les-temps-fort-dune-operation-de-la-cataracte\\\/#primaryimage\"},\"image\":{\"@id\":\"https:\\\/\\\/ophtalmo-bw.be\\\/vivez-les-temps-fort-dune-operation-de-la-cataracte\\\/#primaryimage\"},\"thumbnailUrl\":\"https:\\\/\\\/ophtalmo-bw.be\\\/wp-content\\\/uploads\\\/2021\\\/02\\\/e043a803-14f0-4eac-b9b0-1913bab14e1a-768x1024.jpg\",\"datePublished\":\"2021-02-26T13:56:43+00:00\",\"dateModified\":\"2024-09-09T12:56:30+00:00\",\"breadcrumb\":{\"@id\":\"https:\\\/\\\/ophtalmo-bw.be\\\/vivez-les-temps-fort-dune-operation-de-la-cataracte\\\/#breadcrumb\"},\"inLanguage\":\"en-GB\",\"potentialAction\":[{\"@type\":\"ReadAction\",\"target\":[\"https:\\\/\\\/ophtalmo-bw.be\\\/vivez-les-temps-fort-dune-operation-de-la-cataracte\\\/\"]}]},{\"@type\":\"ImageObject\",\"inLanguage\":\"en-GB\",\"@id\":\"https:\\\/\\\/ophtalmo-bw.be\\\/vivez-les-temps-fort-dune-operation-de-la-cataracte\\\/#primaryimage\",\"url\":\"https:\\\/\\\/ophtalmo-bw.be\\\/wp-content\\\/uploads\\\/2021\\\/02\\\/e043a803-14f0-4eac-b9b0-1913bab14e1a-768x1024.jpg\",\"contentUrl\":\"https:\\\/\\\/ophtalmo-bw.be\\\/wp-content\\\/uploads\\\/2021\\\/02\\\/e043a803-14f0-4eac-b9b0-1913bab14e1a-768x1024.jpg\"},{\"@type\":\"BreadcrumbList\",\"@id\":\"https:\\\/\\\/ophtalmo-bw.be\\\/vivez-les-temps-fort-dune-operation-de-la-cataracte\\\/#breadcrumb\",\"itemListElement\":[{\"@type\":\"ListItem\",\"position\":1,\"name\":\"Accueil\",\"item\":\"https:\\\/\\\/ophtalmo-bw.be\\\/\"},{\"@type\":\"ListItem\",\"position\":2,\"name\":\"Vivez les temps fort d&#8217;une op\u00e9ration de la cataracte\"}]},{\"@type\":\"WebSite\",\"@id\":\"https:\\\/\\\/ophtalmo-bw.be\\\/#website\",\"url\":\"https:\\\/\\\/ophtalmo-bw.be\\\/\",\"name\":\"Ophtalmo-BW.be\",\"description\":\"Centre Ophtalmologique 100% laser Brabant Wallon\",\"publisher\":{\"@id\":\"https:\\\/\\\/ophtalmo-bw.be\\\/#organization\"},\"potentialAction\":[{\"@type\":\"SearchAction\",\"target\":{\"@type\":\"EntryPoint\",\"urlTemplate\":\"https:\\\/\\\/ophtalmo-bw.be\\\/?s={search_term_string}\"},\"query-input\":{\"@type\":\"PropertyValueSpecification\",\"valueRequired\":true,\"valueName\":\"search_term_string\"}}],\"inLanguage\":\"en-GB\"},{\"@type\":\"Organization\",\"@id\":\"https:\\\/\\\/ophtalmo-bw.be\\\/#organization\",\"name\":\"Ophtalmo-BW.be\",\"url\":\"https:\\\/\\\/ophtalmo-bw.be\\\/\",\"logo\":{\"@type\":\"ImageObject\",\"inLanguage\":\"en-GB\",\"@id\":\"https:\\\/\\\/ophtalmo-bw.be\\\/#\\\/schema\\\/logo\\\/image\\\/\",\"url\":\"https:\\\/\\\/ophtalmo-bw.be\\\/wp-content\\\/uploads\\\/2020\\\/09\\\/logo-min.png\",\"contentUrl\":\"https:\\\/\\\/ophtalmo-bw.be\\\/wp-content\\\/uploads\\\/2020\\\/09\\\/logo-min.png\",\"width\":106,\"height\":62,\"caption\":\"Ophtalmo-BW.be\"},\"image\":{\"@id\":\"https:\\\/\\\/ophtalmo-bw.be\\\/#\\\/schema\\\/logo\\\/image\\\/\"}},{\"@type\":\"Person\",\"@id\":\"https:\\\/\\\/ophtalmo-bw.be\\\/#\\\/schema\\\/person\\\/f203e5120b3b20d0f06b7be24de232c3\",\"name\":\"cvlpo\",\"url\":\"https:\\\/\\\/ophtalmo-bw.be\\\/en\\\/author\\\/cvlpo\\\/\"}]}<\/script>\n<!-- \/ Yoast SEO plugin. -->","yoast_head_json":{"title":"Vivez les temps fort d'une op\u00e9ration de la cataracte - Ophtalmo-BW.be","robots":{"index":"index","follow":"follow","max-snippet":"max-snippet:-1","max-image-preview":"max-image-preview:large","max-video-preview":"max-video-preview:-1"},"canonical":"https:\/\/ophtalmo-bw.be\/en\/vivez-les-temps-fort-dune-operation-de-la-cataracte\/","og_locale":"en_GB","og_type":"article","og_title":"Vivez les temps fort d'une op\u00e9ration de la cataracte - Ophtalmo-BW.be","og_description":"Mme H. 55 ans op\u00e9r\u00e9e le lundi 22\/02\/2021 Acuit\u00e9 visuel avant intervention: vision d&#8217;ombres \u00e0 3 m\u00e8tres Avant intervention: Cataracte dense Injection de l&#8217;implant pli\u00e9 par une micro incision de 2mm, se d\u00e9plie ensuite parfaitement dans le sac capsulaire Bon","og_url":"https:\/\/ophtalmo-bw.be\/en\/vivez-les-temps-fort-dune-operation-de-la-cataracte\/","og_site_name":"Ophtalmo-BW.be","article_published_time":"2021-02-26T13:56:43+00:00","article_modified_time":"2024-09-09T12:56:30+00:00","og_image":[{"url":"https:\/\/ophtalmo-bw.be\/wp-content\/uploads\/2021\/02\/e043a803-14f0-4eac-b9b0-1913bab14e1a-768x1024.jpg","type":"","width":"","height":""}],"author":"cvlpo","twitter_card":"summary_large_image","twitter_misc":{"Written by":"cvlpo","Estimated reading time":"2 minutes"},"schema":{"@context":"https:\/\/schema.org","@graph":[{"@type":"Article","@id":"https:\/\/ophtalmo-bw.be\/vivez-les-temps-fort-dune-operation-de-la-cataracte\/#article","isPartOf":{"@id":"https:\/\/ophtalmo-bw.be\/vivez-les-temps-fort-dune-operation-de-la-cataracte\/"},"author":{"name":"cvlpo","@id":"https:\/\/ophtalmo-bw.be\/#\/schema\/person\/f203e5120b3b20d0f06b7be24de232c3"},"headline":"Vivez les temps fort d&#8217;une op\u00e9ration de la cataracte","datePublished":"2021-02-26T13:56:43+00:00","dateModified":"2024-09-09T12:56:30+00:00","mainEntityOfPage":{"@id":"https:\/\/ophtalmo-bw.be\/vivez-les-temps-fort-dune-operation-de-la-cataracte\/"},"wordCount":64,"publisher":{"@id":"https:\/\/ophtalmo-bw.be\/#organization"},"image":{"@id":"https:\/\/ophtalmo-bw.be\/vivez-les-temps-fort-dune-operation-de-la-cataracte\/#primaryimage"},"thumbnailUrl":"https:\/\/ophtalmo-bw.be\/wp-content\/uploads\/2021\/02\/e043a803-14f0-4eac-b9b0-1913bab14e1a-768x1024.jpg","articleSection":["Actualit\u00e9s"],"inLanguage":"en-GB"},{"@type":"WebPage","@id":"https:\/\/ophtalmo-bw.be\/vivez-les-temps-fort-dune-operation-de-la-cataracte\/","url":"https:\/\/ophtalmo-bw.be\/vivez-les-temps-fort-dune-operation-de-la-cataracte\/","name":"Vivez les temps fort d'une op\u00e9ration de la cataracte - Ophtalmo-BW.be","isPartOf":{"@id":"https:\/\/ophtalmo-bw.be\/#website"},"primaryImageOfPage":{"@id":"https:\/\/ophtalmo-bw.be\/vivez-les-temps-fort-dune-operation-de-la-cataracte\/#primaryimage"},"image":{"@id":"https:\/\/ophtalmo-bw.be\/vivez-les-temps-fort-dune-operation-de-la-cataracte\/#primaryimage"},"thumbnailUrl":"https:\/\/ophtalmo-bw.be\/wp-content\/uploads\/2021\/02\/e043a803-14f0-4eac-b9b0-1913bab14e1a-768x1024.jpg","datePublished":"2021-02-26T13:56:43+00:00","dateModified":"2024-09-09T12:56:30+00:00","breadcrumb":{"@id":"https:\/\/ophtalmo-bw.be\/vivez-les-temps-fort-dune-operation-de-la-cataracte\/#breadcrumb"},"inLanguage":"en-GB","potentialAction":[{"@type":"ReadAction","target":["https:\/\/ophtalmo-bw.be\/vivez-les-temps-fort-dune-operation-de-la-cataracte\/"]}]},{"@type":"ImageObject","inLanguage":"en-GB","@id":"https:\/\/ophtalmo-bw.be\/vivez-les-temps-fort-dune-operation-de-la-cataracte\/#primaryimage","url":"https:\/\/ophtalmo-bw.be\/wp-content\/uploads\/2021\/02\/e043a803-14f0-4eac-b9b0-1913bab14e1a-768x1024.jpg","contentUrl":"https:\/\/ophtalmo-bw.be\/wp-content\/uploads\/2021\/02\/e043a803-14f0-4eac-b9b0-1913bab14e1a-768x1024.jpg"},{"@type":"BreadcrumbList","@id":"https:\/\/ophtalmo-bw.be\/vivez-les-temps-fort-dune-operation-de-la-cataracte\/#breadcrumb","itemListElement":[{"@type":"ListItem","position":1,"name":"Accueil","item":"https:\/\/ophtalmo-bw.be\/"},{"@type":"ListItem","position":2,"name":"Vivez les temps fort d&#8217;une op\u00e9ration de la cataracte"}]},{"@type":"WebSite","@id":"https:\/\/ophtalmo-bw.be\/#website","url":"https:\/\/ophtalmo-bw.be\/","name":"Ophtalmo-BW.be","description":"Centre Ophtalmologique 100% laser Brabant Wallon","publisher":{"@id":"https:\/\/ophtalmo-bw.be\/#organization"},"potentialAction":[{"@type":"SearchAction","target":{"@type":"EntryPoint","urlTemplate":"https:\/\/ophtalmo-bw.be\/?s={search_term_string}"},"query-input":{"@type":"PropertyValueSpecification","valueRequired":true,"valueName":"search_term_string"}}],"inLanguage":"en-GB"},{"@type":"Organization","@id":"https:\/\/ophtalmo-bw.be\/#organization","name":"Ophtalmo-BW.be","url":"https:\/\/ophtalmo-bw.be\/","logo":{"@type":"ImageObject","inLanguage":"en-GB","@id":"https:\/\/ophtalmo-bw.be\/#\/schema\/logo\/image\/","url":"https:\/\/ophtalmo-bw.be\/wp-content\/uploads\/2020\/09\/logo-min.png","contentUrl":"https:\/\/ophtalmo-bw.be\/wp-content\/uploads\/2020\/09\/logo-min.png","width":106,"height":62,"caption":"Ophtalmo-BW.be"},"image":{"@id":"https:\/\/ophtalmo-bw.be\/#\/schema\/logo\/image\/"}},{"@type":"Person","@id":"https:\/\/ophtalmo-bw.be\/#\/schema\/person\/f203e5120b3b20d0f06b7be24de232c3","name":"cvlpo","url":"https:\/\/ophtalmo-bw.be\/en\/author\/cvlpo\/"}]}},"jetpack_featured_media_url":"","jetpack_sharing_enabled":true,"jetpack_likes_enabled":false,"_links":{"self":[{"href":"https:\/\/ophtalmo-bw.be\/en\/wp-json\/wp\/v2\/posts\/18493","targetHints":{"allow":["GET"]}}],"collection":[{"href":"https:\/\/ophtalmo-bw.be\/en\/wp-json\/wp\/v2\/posts"}],"about":[{"href":"https:\/\/ophtalmo-bw.be\/en\/wp-json\/wp\/v2\/types\/post"}],"author":[{"embeddable":true,"href":"https:\/\/ophtalmo-bw.be\/en\/wp-json\/wp\/v2\/users\/8"}],"replies":[{"embeddable":true,"href":"https:\/\/ophtalmo-bw.be\/en\/wp-json\/wp\/v2\/comments?post=18493"}],"version-history":[{"count":3,"href":"https:\/\/ophtalmo-bw.be\/en\/wp-json\/wp\/v2\/posts\/18493\/revisions"}],"predecessor-version":[{"id":18500,"href":"https:\/\/ophtalmo-bw.be\/en\/wp-json\/wp\/v2\/posts\/18493\/revisions\/18500"}],"wp:attachment":[{"href":"https:\/\/ophtalmo-bw.be\/en\/wp-json\/wp\/v2\/media?parent=18493"}],"wp:term":[{"taxonomy":"category","embeddable":true,"href":"https:\/\/ophtalmo-bw.be\/en\/wp-json\/wp\/v2\/categories?post=18493"},{"taxonomy":"post_tag","embeddable":true,"href":"https:\/\/ophtalmo-bw.be\/en\/wp-json\/wp\/v2\/tags?post=18493"}],"curies":[{"name":"wp","href":"https:\/\/api.w.org\/{rel}","templated":true}]}}